{"id":7098,"date":"2017-10-10T10:56:05","date_gmt":"2017-10-10T10:56:05","guid":{"rendered":"http:\/\/eu-monitoring.ba\/?p=7098"},"modified":"2018-04-03T12:02:06","modified_gmt":"2018-04-03T12:02:06","slug":"bhrt-dnevnik-2-1-year-from-recieveing-questionnaire-of-european-comission","status":"publish","type":"post","link":"https:\/\/eu-monitoring.ba\/en\/bhrt-dnevnik-2-1-year-from-recieveing-questionnaire-of-european-comission\/","title":{"rendered":"BHRT &#8211; Dnevnik 2: 1 Year From Recieveing Questionnaire of European Comission"},"content":{"rendered":"<p><img loading=\"lazy\" decoding=\"async\" class=\"size-medium wp-image-6967 alignleft\" src=\"http:\/\/eu-monitoring.ba\/site\/wp-content\/uploads\/2017\/10\/inela-press-300x166.jpg\" alt=\"\" width=\"300\" height=\"166\" srcset=\"https:\/\/eu-monitoring.ba\/site\/wp-content\/uploads\/2017\/10\/inela-press-300x166.jpg 300w, https:\/\/eu-monitoring.ba\/site\/wp-content\/uploads\/2017\/10\/inela-press-768x426.jpg 768w, https:\/\/eu-monitoring.ba\/site\/wp-content\/uploads\/2017\/10\/inela-press-560x311.jpg 560w, https:\/\/eu-monitoring.ba\/site\/wp-content\/uploads\/2017\/10\/inela-press.jpg 1249w\" sizes=\"(max-width: 300px) 100vw, 300px\" \/><strong>8.10.2017.<\/strong><\/p>\n<p>Inela Had\u017eime\u0161i\u0107 spoke on behalf of Initiative for Monitoring the EU Integration of BiH about the delay in giving answers to the Questionnaire of EC.<\/p>\n<p>You can watch it on the following\u00a0<a href=\"http:\/\/www.bhrt.ba\/bht1-emisije\/dnevnik-2\/dnevnik-2-08-10-2017\/\">LINK\u00a0<\/a>(starts from 5:45).<\/p>\n","protected":false},"excerpt":{"rendered":"<p>Inela Had\u017eime\u0161i\u0107 spoke on behalf of Initiative for Monitoring the EU Integration of BiH about the delay in giving answers to the Questionnaire of EC.\u00a0<\/p>\n","protected":false},"author":2,"featured_media":6967,"comment_status":"closed","ping_status":"closed","sticky":false,"template":"","format":"standard","meta":{"_acf_changed":false,"_monsterinsights_skip_tracking":false,"_monsterinsights_sitenote_active":false,"_monsterinsights_sitenote_note":"","_monsterinsights_sitenote_category":0,"footnotes":""},"categories":[761],"tags":[],"acf":[],"jetpack_featured_media_url":"https:\/\/eu-monitoring.ba\/site\/wp-content\/uploads\/2017\/10\/inela-press.jpg","jetpack_sharing_enabled":true,"_links":{"self":[{"href":"https:\/\/eu-monitoring.ba\/en\/wp-json\/wp\/v2\/posts\/7098"}],"collection":[{"href":"https:\/\/eu-monitoring.ba\/en\/wp-json\/wp\/v2\/posts"}],"about":[{"href":"https:\/\/eu-monitoring.ba\/en\/wp-json\/wp\/v2\/types\/post"}],"author":[{"embeddable":true,"href":"https:\/\/eu-monitoring.ba\/en\/wp-json\/wp\/v2\/users\/2"}],"replies":[{"embeddable":true,"href":"https:\/\/eu-monitoring.ba\/en\/wp-json\/wp\/v2\/comments?post=7098"}],"version-history":[{"count":0,"href":"https:\/\/eu-monitoring.ba\/en\/wp-json\/wp\/v2\/posts\/7098\/revisions"}],"wp:featuredmedia":[{"embeddable":true,"href":"https:\/\/eu-monitoring.ba\/en\/wp-json\/wp\/v2\/media\/6967"}],"wp:attachment":[{"href":"https:\/\/eu-monitoring.ba\/en\/wp-json\/wp\/v2\/media?parent=7098"}],"wp:term":[{"taxonomy":"category","embeddable":true,"href":"https:\/\/eu-monitoring.ba\/en\/wp-json\/wp\/v2\/categories?post=7098"},{"taxonomy":"post_tag","embeddable":true,"href":"https:\/\/eu-monitoring.ba\/en\/wp-json\/wp\/v2\/tags?post=7098"}],"curies":[{"name":"wp","href":"https:\/\/api.w.org\/{rel}","templated":true}]}}